{"id":1395,"date":"2025-09-02T14:40:59","date_gmt":"2025-09-02T14:40:59","guid":{"rendered":"https:\/\/quantumminilabs.de\/?p=1395"},"modified":"2025-09-02T14:41:01","modified_gmt":"2025-09-02T14:41:01","slug":"rueckblick-quantumexpedition-beim-bmftr-tag-der-offenen-tuer-2025","status":"publish","type":"post","link":"https:\/\/quantumminilabs.de\/en\/rueckblick-quantumexpedition-beim-bmftr-tag-der-offenen-tuer-2025\/","title":{"rendered":"R\u00fcckblick [quantumexpedition] beim BMFTR Tag der offenen T\u00fcr 2025"},"content":{"rendered":"\n<h2 class=\"wp-block-heading\">R\u00fcckblick [quantumexpedition] beim BMFTR Tag der offenen T\u00fcr 2025<\/h2>\n\n\n<div class=\"wp-block-image\">\n<figure class=\"aligncenter size-large is-resized\"><img decoding=\"async\" src=\"https:\/\/quantumminilabs.de\/wp-content\/uploads\/2025\/09\/BMFTR-2025-2-917x1024.jpg\" alt=\"\" class=\"wp-image-1396\" style=\"width:396px;height:auto\"\/><\/figure>\n<\/div>\n\n\n<p class=\"wp-block-paragraph\">Was passiert, wenn Quantenphysiker und Lebenswissenschaftler interdisziplin\u00e4r zusammenarbeiten? Welchen besonderen Mehrwert liefert die Quantentechnologie f\u00fcr die Gesellschaft? Am Beispiel der Quantenmikroskopie von Lebendzellen wurden diese und weitere Fragen am Exponat des Forschungsvorhabens [quantumexpedition] auf dem Tag der offenen T\u00fcr des Bundeministeriums f\u00fcr Forschung, Technologie und Raumfahrt (BMFTR) am 23. und 24. August 2025 beantwortet.<\/p>\n\n\n\n<p class=\"wp-block-paragraph\">In einer virtuellen und interaktiven Tour durch die\u00a0Laboratorien des Osnabr\u00fccker Forschungsbaus f\u00fcr zellul\u00e4re Nanoanalytik (CellNanOs) konnten Molek\u00fcle erkundet und faszinierende Quanteneffekte nach erfolgreicher Synthese von Nanodiamanten und der Pr\u00e4paration einzelner Zellen hautnah erlebt werden. Auch Bundesministerin Dorothee B\u00e4r nutzte die Gelegenheit, sich das interdisziplin\u00e4re Forschungsprojekt pers\u00f6nlich vorf\u00fchren zu lassen und sich \u00fcber die innovativen Ans\u00e4tze zur Wissenschaftskommunikation zu informieren. Mit dem vom Bundesministerium f\u00fcr Forschung, Technologie und Raumfahrt gef\u00f6rderten Forschungsvorhaben [quantumexpedition] (F\u00f6rderma\u00dfnahme Quantum Aktiv 2) zeigen die Mitglieder der Forschungsgruppe <a href=\"https:\/\/www.linkedin.com\/in\/imlaulabs\/\">Imlau Labs<\/a> eindrucksvoll, wie wichtig interdisziplin\u00e4re Forschung in der modernen Wissenschaft ist und, wie neue Technologien aktuelle Forschung erlebbar machen und Begeisterung bei Jung und Alt f\u00fcr die Naturwissenschaften wecken k\u00f6nnen.<\/p>\n\n\n\n<figure class=\"wp-block-gallery has-nested-images columns-default is-cropped wp-block-gallery-1 is-layout-flex wp-block-gallery-is-layout-flex\">\n<figure class=\"wp-block-image size-large\"><img loading=\"lazy\" decoding=\"async\" width=\"1024\" height=\"525\" data-id=\"1398\" src=\"https:\/\/quantumminilabs.de\/wp-content\/uploads\/2025\/09\/BMFTR-2025-3-1024x525.jpg\" alt=\"\" class=\"wp-image-1398\" srcset=\"https:\/\/quantumminilabs.de\/wp-content\/uploads\/2025\/09\/BMFTR-2025-3-1024x525.jpg 1024w, https:\/\/quantumminilabs.de\/wp-content\/uploads\/2025\/09\/BMFTR-2025-3-300x154.jpg 300w, https:\/\/quantumminilabs.de\/wp-content\/uploads\/2025\/09\/BMFTR-2025-3-768x393.jpg 768w, https:\/\/quantumminilabs.de\/wp-content\/uploads\/2025\/09\/BMFTR-2025-3-1536x787.jpg 1536w, https:\/\/quantumminilabs.de\/wp-content\/uploads\/2025\/09\/BMFTR-2025-3-2048x1049.jpg 2048w, https:\/\/quantumminilabs.de\/wp-content\/uploads\/2025\/09\/BMFTR-2025-3-18x9.jpg 18w\" sizes=\"auto, (max-width: 1024px) 100vw, 1024px\" \/><\/figure>\n\n\n\n<figure class=\"wp-block-image size-large\"><img loading=\"lazy\" decoding=\"async\" width=\"829\" height=\"1024\" data-id=\"1397\" src=\"https:\/\/quantumminilabs.de\/wp-content\/uploads\/2025\/09\/BMFTR-2025-4-829x1024.jpg\" alt=\"\" class=\"wp-image-1397\" srcset=\"https:\/\/quantumminilabs.de\/wp-content\/uploads\/2025\/09\/BMFTR-2025-4-829x1024.jpg 829w, https:\/\/quantumminilabs.de\/wp-content\/uploads\/2025\/09\/BMFTR-2025-4-243x300.jpg 243w, https:\/\/quantumminilabs.de\/wp-content\/uploads\/2025\/09\/BMFTR-2025-4-768x949.jpg 768w, https:\/\/quantumminilabs.de\/wp-content\/uploads\/2025\/09\/BMFTR-2025-4-1244x1536.jpg 1244w, https:\/\/quantumminilabs.de\/wp-content\/uploads\/2025\/09\/BMFTR-2025-4-10x12.jpg 10w, https:\/\/quantumminilabs.de\/wp-content\/uploads\/2025\/09\/BMFTR-2025-4.jpg 1472w\" sizes=\"auto, (max-width: 829px) 100vw, 829px\" \/><\/figure>\n\n\n\n<figure class=\"wp-block-image size-full\"><img loading=\"lazy\" decoding=\"async\" width=\"2523\" height=\"2526\" data-id=\"1399\" src=\"https:\/\/quantumminilabs.de\/wp-content\/uploads\/2025\/09\/BMFTR-2025-1.jpg\" alt=\"\" class=\"wp-image-1399\" srcset=\"https:\/\/quantumminilabs.de\/wp-content\/uploads\/2025\/09\/BMFTR-2025-1.jpg 2523w, https:\/\/quantumminilabs.de\/wp-content\/uploads\/2025\/09\/BMFTR-2025-1-300x300.jpg 300w, https:\/\/quantumminilabs.de\/wp-content\/uploads\/2025\/09\/BMFTR-2025-1-1024x1024.jpg 1024w, https:\/\/quantumminilabs.de\/wp-content\/uploads\/2025\/09\/BMFTR-2025-1-150x150.jpg 150w, https:\/\/quantumminilabs.de\/wp-content\/uploads\/2025\/09\/BMFTR-2025-1-768x769.jpg 768w, https:\/\/quantumminilabs.de\/wp-content\/uploads\/2025\/09\/BMFTR-2025-1-1534x1536.jpg 1534w, https:\/\/quantumminilabs.de\/wp-content\/uploads\/2025\/09\/BMFTR-2025-1-2046x2048.jpg 2046w, https:\/\/quantumminilabs.de\/wp-content\/uploads\/2025\/09\/BMFTR-2025-1-12x12.jpg 12w, https:\/\/quantumminilabs.de\/wp-content\/uploads\/2025\/09\/BMFTR-2025-1-510x510.jpg 510w\" sizes=\"auto, (max-width: 2523px) 100vw, 2523px\" \/><\/figure>\n<\/figure>\n\n\n\n<p class=\"wp-block-paragraph\"><\/p>\n","protected":false},"excerpt":{"rendered":"<p>R\u00fcckblick [quantumexpedition] beim BMFTR Tag der offenen T\u00fcr 2025 Was passiert, wenn Quantenphysiker und Lebenswissenschaftler interdisziplin\u00e4r zusammenarbeiten? Welchen besonderen Mehrwert liefert die Quantentechnologie f\u00fcr die Gesellschaft? Am Beispiel der Quantenmikroskopie [&hellip;]<\/p>\n","protected":false},"author":3,"featured_media":1396,"comment_status":"closed","ping_status":"closed","sticky":false,"template":"","format":"standard","meta":{"footnotes":""},"categories":[11],"tags":[],"post_folder":[],"class_list":["post-1395","post","type-post","status-publish","format-standard","has-post-thumbnail","category-meetings-und-messen","czr-hentry"],"yoast_head":"<!-- This site is optimized with the Yoast SEO plugin v28.1 - https:\/\/yoast.com\/product\/yoast-seo-wordpress\/ -->\n<title>R\u00fcckblick [quantumexpedition] beim BMFTR Tag der offenen T\u00fcr 2025 - Quantum MiniLabs<\/title>\n<meta name=\"robots\" content=\"index, follow, max-snippet:-1, max-image-preview:large, max-video-preview:-1\" \/>\n<link rel=\"canonical\" href=\"https:\/\/quantumminilabs.de\/en\/rueckblick-quantumexpedition-beim-bmftr-tag-der-offenen-tuer-2025\/\" \/>\n<meta property=\"og:locale\" content=\"en_GB\" \/>\n<meta property=\"og:type\" content=\"article\" \/>\n<meta property=\"og:title\" content=\"R\u00fcckblick [quantumexpedition] beim BMFTR Tag der offenen T\u00fcr 2025 - Quantum MiniLabs\" \/>\n<meta property=\"og:description\" content=\"R\u00fcckblick [quantumexpedition] beim BMFTR Tag der offenen T\u00fcr 2025 Was passiert, wenn Quantenphysiker und Lebenswissenschaftler interdisziplin\u00e4r zusammenarbeiten? Welchen besonderen Mehrwert liefert die Quantentechnologie f\u00fcr die Gesellschaft? Am Beispiel der Quantenmikroskopie [&hellip;]\" \/>\n<meta property=\"og:url\" content=\"https:\/\/quantumminilabs.de\/en\/rueckblick-quantumexpedition-beim-bmftr-tag-der-offenen-tuer-2025\/\" \/>\n<meta property=\"og:site_name\" content=\"Quantum MiniLabs\" \/>\n<meta property=\"article:published_time\" content=\"2025-09-02T14:40:59+00:00\" \/>\n<meta property=\"article:modified_time\" content=\"2025-09-02T14:41:01+00:00\" \/>\n<meta property=\"og:image\" content=\"https:\/\/quantumminilabs.de\/wp-content\/uploads\/2025\/09\/BMFTR-2025-2-e1756824042261.jpg\" \/>\n\t<meta property=\"og:image:width\" content=\"2176\" \/>\n\t<meta property=\"og:image:height\" content=\"1392\" \/>\n\t<meta property=\"og:image:type\" content=\"image\/jpeg\" \/>\n<meta name=\"author\" content=\"Theresa Knispel\" \/>\n<meta name=\"twitter:card\" content=\"summary_large_image\" \/>\n<meta name=\"twitter:label1\" content=\"Written by\" \/>\n\t<meta name=\"twitter:data1\" content=\"Theresa Knispel\" \/>\n\t<meta name=\"twitter:label2\" content=\"Estimated reading time\" \/>\n\t<meta name=\"twitter:data2\" content=\"2 minutes\" \/>\n<script type=\"application\/ld+json\" class=\"yoast-schema-graph\">{\"@context\":\"https:\\\/\\\/schema.org\",\"@graph\":[{\"@type\":\"Article\",\"@id\":\"https:\\\/\\\/quantumminilabs.de\\\/rueckblick-quantumexpedition-beim-bmftr-tag-der-offenen-tuer-2025\\\/#article\",\"isPartOf\":{\"@id\":\"https:\\\/\\\/quantumminilabs.de\\\/rueckblick-quantumexpedition-beim-bmftr-tag-der-offenen-tuer-2025\\\/\"},\"author\":{\"name\":\"Theresa Knispel\",\"@id\":\"https:\\\/\\\/quantumminilabs.de\\\/#\\\/schema\\\/person\\\/aee18bc15397bbed0e3ffc81037b0fbb\"},\"headline\":\"R\u00fcckblick [quantumexpedition] beim BMFTR Tag der offenen T\u00fcr 2025\",\"datePublished\":\"2025-09-02T14:40:59+00:00\",\"dateModified\":\"2025-09-02T14:41:01+00:00\",\"mainEntityOfPage\":{\"@id\":\"https:\\\/\\\/quantumminilabs.de\\\/rueckblick-quantumexpedition-beim-bmftr-tag-der-offenen-tuer-2025\\\/\"},\"wordCount\":203,\"publisher\":{\"@id\":\"https:\\\/\\\/quantumminilabs.de\\\/#organization\"},\"image\":{\"@id\":\"https:\\\/\\\/quantumminilabs.de\\\/rueckblick-quantumexpedition-beim-bmftr-tag-der-offenen-tuer-2025\\\/#primaryimage\"},\"thumbnailUrl\":\"https:\\\/\\\/quantumminilabs.de\\\/wp-content\\\/uploads\\\/2025\\\/09\\\/BMFTR-2025-2-e1756824042261.jpg\",\"articleSection\":[\"Meetings und Messen\"],\"inLanguage\":\"en-GB\"},{\"@type\":\"WebPage\",\"@id\":\"https:\\\/\\\/quantumminilabs.de\\\/rueckblick-quantumexpedition-beim-bmftr-tag-der-offenen-tuer-2025\\\/\",\"url\":\"https:\\\/\\\/quantumminilabs.de\\\/rueckblick-quantumexpedition-beim-bmftr-tag-der-offenen-tuer-2025\\\/\",\"name\":\"R\u00fcckblick [quantumexpedition] beim BMFTR Tag der offenen T\u00fcr 2025 - Quantum MiniLabs\",\"isPartOf\":{\"@id\":\"https:\\\/\\\/quantumminilabs.de\\\/#website\"},\"primaryImageOfPage\":{\"@id\":\"https:\\\/\\\/quantumminilabs.de\\\/rueckblick-quantumexpedition-beim-bmftr-tag-der-offenen-tuer-2025\\\/#primaryimage\"},\"image\":{\"@id\":\"https:\\\/\\\/quantumminilabs.de\\\/rueckblick-quantumexpedition-beim-bmftr-tag-der-offenen-tuer-2025\\\/#primaryimage\"},\"thumbnailUrl\":\"https:\\\/\\\/quantumminilabs.de\\\/wp-content\\\/uploads\\\/2025\\\/09\\\/BMFTR-2025-2-e1756824042261.jpg\",\"datePublished\":\"2025-09-02T14:40:59+00:00\",\"dateModified\":\"2025-09-02T14:41:01+00:00\",\"breadcrumb\":{\"@id\":\"https:\\\/\\\/quantumminilabs.de\\\/rueckblick-quantumexpedition-beim-bmftr-tag-der-offenen-tuer-2025\\\/#breadcrumb\"},\"inLanguage\":\"en-GB\",\"potentialAction\":[{\"@type\":\"ReadAction\",\"target\":[\"https:\\\/\\\/quantumminilabs.de\\\/rueckblick-quantumexpedition-beim-bmftr-tag-der-offenen-tuer-2025\\\/\"]}]},{\"@type\":\"ImageObject\",\"inLanguage\":\"en-GB\",\"@id\":\"https:\\\/\\\/quantumminilabs.de\\\/rueckblick-quantumexpedition-beim-bmftr-tag-der-offenen-tuer-2025\\\/#primaryimage\",\"url\":\"https:\\\/\\\/quantumminilabs.de\\\/wp-content\\\/uploads\\\/2025\\\/09\\\/BMFTR-2025-2-e1756824042261.jpg\",\"contentUrl\":\"https:\\\/\\\/quantumminilabs.de\\\/wp-content\\\/uploads\\\/2025\\\/09\\\/BMFTR-2025-2-e1756824042261.jpg\",\"width\":2176,\"height\":1392,\"caption\":\"Dorothee B\u00e4r bei quantumexpedition\"},{\"@type\":\"BreadcrumbList\",\"@id\":\"https:\\\/\\\/quantumminilabs.de\\\/rueckblick-quantumexpedition-beim-bmftr-tag-der-offenen-tuer-2025\\\/#breadcrumb\",\"itemListElement\":[{\"@type\":\"ListItem\",\"position\":1,\"name\":\"Startseite\",\"item\":\"https:\\\/\\\/quantumminilabs.de\\\/\"},{\"@type\":\"ListItem\",\"position\":2,\"name\":\"R\u00fcckblick [quantumexpedition] beim BMFTR Tag der offenen T\u00fcr 2025\"}]},{\"@type\":\"WebSite\",\"@id\":\"https:\\\/\\\/quantumminilabs.de\\\/#website\",\"url\":\"https:\\\/\\\/quantumminilabs.de\\\/\",\"name\":\"Quantum MiniLabs\",\"description\":\"\",\"publisher\":{\"@id\":\"https:\\\/\\\/quantumminilabs.de\\\/#organization\"},\"potentialAction\":[{\"@type\":\"SearchAction\",\"target\":{\"@type\":\"EntryPoint\",\"urlTemplate\":\"https:\\\/\\\/quantumminilabs.de\\\/?s={search_term_string}\"},\"query-input\":{\"@type\":\"PropertyValueSpecification\",\"valueRequired\":true,\"valueName\":\"search_term_string\"}}],\"inLanguage\":\"en-GB\"},{\"@type\":\"Organization\",\"@id\":\"https:\\\/\\\/quantumminilabs.de\\\/#organization\",\"name\":\"Quantum MiniLabs\",\"url\":\"https:\\\/\\\/quantumminilabs.de\\\/\",\"logo\":{\"@type\":\"ImageObject\",\"inLanguage\":\"en-GB\",\"@id\":\"https:\\\/\\\/quantumminilabs.de\\\/#\\\/schema\\\/logo\\\/image\\\/\",\"url\":\"https:\\\/\\\/quantumminilabs.de\\\/wp-content\\\/uploads\\\/2025\\\/06\\\/cropped-QuantumMinilabs_Logo_F9BF1C.png\",\"contentUrl\":\"https:\\\/\\\/quantumminilabs.de\\\/wp-content\\\/uploads\\\/2025\\\/06\\\/cropped-QuantumMinilabs_Logo_F9BF1C.png\",\"width\":725,\"height\":214,\"caption\":\"Quantum MiniLabs\"},\"image\":{\"@id\":\"https:\\\/\\\/quantumminilabs.de\\\/#\\\/schema\\\/logo\\\/image\\\/\"}},{\"@type\":\"Person\",\"@id\":\"https:\\\/\\\/quantumminilabs.de\\\/#\\\/schema\\\/person\\\/aee18bc15397bbed0e3ffc81037b0fbb\",\"name\":\"Theresa Knispel\",\"image\":{\"@type\":\"ImageObject\",\"inLanguage\":\"en-GB\",\"@id\":\"https:\\\/\\\/secure.gravatar.com\\\/avatar\\\/b0b5e0123dd9dce67214674d771fffd8b4608cc4a1929e0e93b107437d50b0a1?s=96&d=mm&r=g\",\"url\":\"https:\\\/\\\/secure.gravatar.com\\\/avatar\\\/b0b5e0123dd9dce67214674d771fffd8b4608cc4a1929e0e93b107437d50b0a1?s=96&d=mm&r=g\",\"contentUrl\":\"https:\\\/\\\/secure.gravatar.com\\\/avatar\\\/b0b5e0123dd9dce67214674d771fffd8b4608cc4a1929e0e93b107437d50b0a1?s=96&d=mm&r=g\",\"caption\":\"Theresa Knispel\"},\"url\":\"https:\\\/\\\/quantumminilabs.de\\\/en\\\/author\\\/theresa-knispel\\\/\"}]}<\/script>\n<!-- \/ Yoast SEO plugin. -->","yoast_head_json":{"title":"R\u00fcckblick [quantumexpedition] beim BMFTR Tag der offenen T\u00fcr 2025 - Quantum MiniLabs","robots":{"index":"index","follow":"follow","max-snippet":"max-snippet:-1","max-image-preview":"max-image-preview:large","max-video-preview":"max-video-preview:-1"},"canonical":"https:\/\/quantumminilabs.de\/en\/rueckblick-quantumexpedition-beim-bmftr-tag-der-offenen-tuer-2025\/","og_locale":"en_GB","og_type":"article","og_title":"R\u00fcckblick [quantumexpedition] beim BMFTR Tag der offenen T\u00fcr 2025 - Quantum MiniLabs","og_description":"R\u00fcckblick [quantumexpedition] beim BMFTR Tag der offenen T\u00fcr 2025 Was passiert, wenn Quantenphysiker und Lebenswissenschaftler interdisziplin\u00e4r zusammenarbeiten? Welchen besonderen Mehrwert liefert die Quantentechnologie f\u00fcr die Gesellschaft? Am Beispiel der Quantenmikroskopie [&hellip;]","og_url":"https:\/\/quantumminilabs.de\/en\/rueckblick-quantumexpedition-beim-bmftr-tag-der-offenen-tuer-2025\/","og_site_name":"Quantum MiniLabs","article_published_time":"2025-09-02T14:40:59+00:00","article_modified_time":"2025-09-02T14:41:01+00:00","og_image":[{"width":2176,"height":1392,"url":"https:\/\/quantumminilabs.de\/wp-content\/uploads\/2025\/09\/BMFTR-2025-2-e1756824042261.jpg","type":"image\/jpeg"}],"author":"Theresa Knispel","twitter_card":"summary_large_image","twitter_misc":{"Written by":"Theresa Knispel","Estimated reading time":"2 minutes"},"schema":{"@context":"https:\/\/schema.org","@graph":[{"@type":"Article","@id":"https:\/\/quantumminilabs.de\/rueckblick-quantumexpedition-beim-bmftr-tag-der-offenen-tuer-2025\/#article","isPartOf":{"@id":"https:\/\/quantumminilabs.de\/rueckblick-quantumexpedition-beim-bmftr-tag-der-offenen-tuer-2025\/"},"author":{"name":"Theresa Knispel","@id":"https:\/\/quantumminilabs.de\/#\/schema\/person\/aee18bc15397bbed0e3ffc81037b0fbb"},"headline":"R\u00fcckblick [quantumexpedition] beim BMFTR Tag der offenen T\u00fcr 2025","datePublished":"2025-09-02T14:40:59+00:00","dateModified":"2025-09-02T14:41:01+00:00","mainEntityOfPage":{"@id":"https:\/\/quantumminilabs.de\/rueckblick-quantumexpedition-beim-bmftr-tag-der-offenen-tuer-2025\/"},"wordCount":203,"publisher":{"@id":"https:\/\/quantumminilabs.de\/#organization"},"image":{"@id":"https:\/\/quantumminilabs.de\/rueckblick-quantumexpedition-beim-bmftr-tag-der-offenen-tuer-2025\/#primaryimage"},"thumbnailUrl":"https:\/\/quantumminilabs.de\/wp-content\/uploads\/2025\/09\/BMFTR-2025-2-e1756824042261.jpg","articleSection":["Meetings und Messen"],"inLanguage":"en-GB"},{"@type":"WebPage","@id":"https:\/\/quantumminilabs.de\/rueckblick-quantumexpedition-beim-bmftr-tag-der-offenen-tuer-2025\/","url":"https:\/\/quantumminilabs.de\/rueckblick-quantumexpedition-beim-bmftr-tag-der-offenen-tuer-2025\/","name":"R\u00fcckblick [quantumexpedition] beim BMFTR Tag der offenen T\u00fcr 2025 - Quantum MiniLabs","isPartOf":{"@id":"https:\/\/quantumminilabs.de\/#website"},"primaryImageOfPage":{"@id":"https:\/\/quantumminilabs.de\/rueckblick-quantumexpedition-beim-bmftr-tag-der-offenen-tuer-2025\/#primaryimage"},"image":{"@id":"https:\/\/quantumminilabs.de\/rueckblick-quantumexpedition-beim-bmftr-tag-der-offenen-tuer-2025\/#primaryimage"},"thumbnailUrl":"https:\/\/quantumminilabs.de\/wp-content\/uploads\/2025\/09\/BMFTR-2025-2-e1756824042261.jpg","datePublished":"2025-09-02T14:40:59+00:00","dateModified":"2025-09-02T14:41:01+00:00","breadcrumb":{"@id":"https:\/\/quantumminilabs.de\/rueckblick-quantumexpedition-beim-bmftr-tag-der-offenen-tuer-2025\/#breadcrumb"},"inLanguage":"en-GB","potentialAction":[{"@type":"ReadAction","target":["https:\/\/quantumminilabs.de\/rueckblick-quantumexpedition-beim-bmftr-tag-der-offenen-tuer-2025\/"]}]},{"@type":"ImageObject","inLanguage":"en-GB","@id":"https:\/\/quantumminilabs.de\/rueckblick-quantumexpedition-beim-bmftr-tag-der-offenen-tuer-2025\/#primaryimage","url":"https:\/\/quantumminilabs.de\/wp-content\/uploads\/2025\/09\/BMFTR-2025-2-e1756824042261.jpg","contentUrl":"https:\/\/quantumminilabs.de\/wp-content\/uploads\/2025\/09\/BMFTR-2025-2-e1756824042261.jpg","width":2176,"height":1392,"caption":"Dorothee B\u00e4r bei quantumexpedition"},{"@type":"BreadcrumbList","@id":"https:\/\/quantumminilabs.de\/rueckblick-quantumexpedition-beim-bmftr-tag-der-offenen-tuer-2025\/#breadcrumb","itemListElement":[{"@type":"ListItem","position":1,"name":"Startseite","item":"https:\/\/quantumminilabs.de\/"},{"@type":"ListItem","position":2,"name":"R\u00fcckblick [quantumexpedition] beim BMFTR Tag der offenen T\u00fcr 2025"}]},{"@type":"WebSite","@id":"https:\/\/quantumminilabs.de\/#website","url":"https:\/\/quantumminilabs.de\/","name":"Quantum MiniLabs","description":"","publisher":{"@id":"https:\/\/quantumminilabs.de\/#organization"},"potentialAction":[{"@type":"SearchAction","target":{"@type":"EntryPoint","urlTemplate":"https:\/\/quantumminilabs.de\/?s={search_term_string}"},"query-input":{"@type":"PropertyValueSpecification","valueRequired":true,"valueName":"search_term_string"}}],"inLanguage":"en-GB"},{"@type":"Organization","@id":"https:\/\/quantumminilabs.de\/#organization","name":"Quantum MiniLabs","url":"https:\/\/quantumminilabs.de\/","logo":{"@type":"ImageObject","inLanguage":"en-GB","@id":"https:\/\/quantumminilabs.de\/#\/schema\/logo\/image\/","url":"https:\/\/quantumminilabs.de\/wp-content\/uploads\/2025\/06\/cropped-QuantumMinilabs_Logo_F9BF1C.png","contentUrl":"https:\/\/quantumminilabs.de\/wp-content\/uploads\/2025\/06\/cropped-QuantumMinilabs_Logo_F9BF1C.png","width":725,"height":214,"caption":"Quantum MiniLabs"},"image":{"@id":"https:\/\/quantumminilabs.de\/#\/schema\/logo\/image\/"}},{"@type":"Person","@id":"https:\/\/quantumminilabs.de\/#\/schema\/person\/aee18bc15397bbed0e3ffc81037b0fbb","name":"Theresa Knispel","image":{"@type":"ImageObject","inLanguage":"en-GB","@id":"https:\/\/secure.gravatar.com\/avatar\/b0b5e0123dd9dce67214674d771fffd8b4608cc4a1929e0e93b107437d50b0a1?s=96&d=mm&r=g","url":"https:\/\/secure.gravatar.com\/avatar\/b0b5e0123dd9dce67214674d771fffd8b4608cc4a1929e0e93b107437d50b0a1?s=96&d=mm&r=g","contentUrl":"https:\/\/secure.gravatar.com\/avatar\/b0b5e0123dd9dce67214674d771fffd8b4608cc4a1929e0e93b107437d50b0a1?s=96&d=mm&r=g","caption":"Theresa Knispel"},"url":"https:\/\/quantumminilabs.de\/en\/author\/theresa-knispel\/"}]}},"jetpack_featured_media_url":"https:\/\/quantumminilabs.de\/wp-content\/uploads\/2025\/09\/BMFTR-2025-2-e1756824042261.jpg","_links":{"self":[{"href":"https:\/\/quantumminilabs.de\/en\/wp-json\/wp\/v2\/posts\/1395","targetHints":{"allow":["GET"]}}],"collection":[{"href":"https:\/\/quantumminilabs.de\/en\/wp-json\/wp\/v2\/posts"}],"about":[{"href":"https:\/\/quantumminilabs.de\/en\/wp-json\/wp\/v2\/types\/post"}],"author":[{"embeddable":true,"href":"https:\/\/quantumminilabs.de\/en\/wp-json\/wp\/v2\/users\/3"}],"replies":[{"embeddable":true,"href":"https:\/\/quantumminilabs.de\/en\/wp-json\/wp\/v2\/comments?post=1395"}],"version-history":[{"count":2,"href":"https:\/\/quantumminilabs.de\/en\/wp-json\/wp\/v2\/posts\/1395\/revisions"}],"predecessor-version":[{"id":1402,"href":"https:\/\/quantumminilabs.de\/en\/wp-json\/wp\/v2\/posts\/1395\/revisions\/1402"}],"wp:featuredmedia":[{"embeddable":true,"href":"https:\/\/quantumminilabs.de\/en\/wp-json\/wp\/v2\/media\/1396"}],"wp:attachment":[{"href":"https:\/\/quantumminilabs.de\/en\/wp-json\/wp\/v2\/media?parent=1395"}],"wp:term":[{"taxonomy":"category","embeddable":true,"href":"https:\/\/quantumminilabs.de\/en\/wp-json\/wp\/v2\/categories?post=1395"},{"taxonomy":"post_tag","embeddable":true,"href":"https:\/\/quantumminilabs.de\/en\/wp-json\/wp\/v2\/tags?post=1395"},{"taxonomy":"post_folder","embeddable":true,"href":"https:\/\/quantumminilabs.de\/en\/wp-json\/wp\/v2\/post_folder?post=1395"}],"curies":[{"name":"wp","href":"https:\/\/api.w.org\/{rel}","templated":true}]}}